{"id":194,"date":"2026-01-23T07:22:24","date_gmt":"2026-01-23T07:22:24","guid":{"rendered":"https:\/\/iinaholopainen.mediasaari.fi\/?p=194"},"modified":"2026-01-23T08:14:05","modified_gmt":"2026-01-23T08:14:05","slug":"uutinen","status":"publish","type":"post","link":"https:\/\/iinaholopainen.mediasaari.fi\/index.php\/2026\/01\/23\/uutinen\/","title":{"rendered":"Oulu\u00a02026\u00a0avajaiset onnistui odotettua paremmin\u00a0"},"content":{"rendered":"\n<p><strong>&#8221;Vain Oulussa saa n\u00e4in paljon\u00a0jengi\u00e4 torille t\u00e4ss\u00e4 s\u00e4\u00e4ss\u00e4.\u201d Presidentti Stubb naurahtaa\u00a0avajais-\u00a0puheessaan\u00a0astuttuaan lavalle.\u00a0Oulun keskusta muuttui viikonlopuksi isoksi festivaalialueeksi.\u00a0Tapahtumia oli noin 200 ja\u00a0avajaisissa\u00a0k\u00e4vi\u00a0noin 40 000\u00a0vierailijaa.\u00a0<\/strong>\u00a0<\/p>\n\n\n\n<figure class=\"wp-block-image size-large\"><img loading=\"lazy\" decoding=\"async\" width=\"1024\" height=\"615\" src=\"https:\/\/iinaholopainen.mediasaari.fi\/wp-content\/uploads\/2026\/01\/stubbi-1024x615.jpg\" alt=\"\" class=\"wp-image-200\" srcset=\"https:\/\/iinaholopainen.mediasaari.fi\/wp-content\/uploads\/2026\/01\/stubbi-1024x615.jpg 1024w, https:\/\/iinaholopainen.mediasaari.fi\/wp-content\/uploads\/2026\/01\/stubbi-300x180.jpg 300w, https:\/\/iinaholopainen.mediasaari.fi\/wp-content\/uploads\/2026\/01\/stubbi-768x461.jpg 768w, https:\/\/iinaholopainen.mediasaari.fi\/wp-content\/uploads\/2026\/01\/stubbi-1536x922.jpg 1536w, https:\/\/iinaholopainen.mediasaari.fi\/wp-content\/uploads\/2026\/01\/stubbi.jpg 1920w\" sizes=\"auto, (max-width: 1024px) 100vw, 1024px\" \/><\/figure>\n\n\n\n<p>M\u00e4r\u00e4st\u00e4 lumipyryst\u00e4 huolimatta Oulun tori t\u00e4yttyi\u00a0kaiken ik\u00e4isist\u00e4\u00a0ihmisist\u00e4\u00a0nelj\u00e4lt\u00e4\u00a0perjantaina 16.1.\u00a0V\u00e4ke\u00e4 oli sankoin joukoin katsomassa avajaisia.\u00a0Mieskuoro Huutajat polkaisi avajaiset k\u00e4yntiin huutoesityksell\u00e4, jonka j\u00e4lkeen Presidentti Stubb\u00a0astui lavalle pit\u00e4m\u00e4\u00e4n puheen.\u00a0Presidentti\u00a0huomautti tilanteen olevan\u00a0ainutlaatuinen\u00a0ja t\u00e4rke\u00e4.\u00a0\u00a0<\/p>\n\n\n\n<p>\u201cKulttuurimme moninaisuus on rikkaus. Ja Oulun vuoden ohjelma tuo kattavasti esiin kulttuurin eri muotoja sek\u00e4\u00a0opettaa meille uusia asioita.\u201d Presidentti kertoi my\u00f6s\u00a0teeman olevan kulttuuri-ilmaston muutos, joka muistuttaa vastuustamme huolehtia\u00a0Pohjois-Suomen kulttuuriperim\u00e4st\u00e4 ja elinvoimasta, sill\u00e4 ilmastonmuutos\u00a0muuttaa elinymp\u00e4rist\u00f6\u00e4mme varsinkin pohjoisessa.\u00a0<\/p>\n\n\n\n<p>Presidentin puheen j\u00e4lkeen&nbsp;Oulun kaupunginjohtaja Ari&nbsp;Alatossava&nbsp;piti puheen, jossa kertoi olevansa&nbsp;ylpe\u00e4&nbsp;ja onnellinen. \u201cTehd\u00e4\u00e4n t\u00e4st\u00e4 yhdess\u00e4 hieno vuosi, joka muistetaan kauan.\u201d&nbsp;<\/p>\n\n\n\n<p>Puheen j\u00e4lkeen Turun pormestari\u00a0Piia Elo\u00a0ojensi\u00a0Alatossavalle\u00a0symbolisen pallon, edelliselt\u00e4 Suomen kulttuurip\u00e4\u00e4kaupungilta.\u00a0Lopuksi\u00a0Turun kaupungin protokollap\u00e4\u00e4llikk\u00f6\u00a0ja joulurauhan julistaja\u00a0Mika Akkanen lausui\u00a0Oulu-rauhan, Saara Aalto esitti\u00a0John Lennonilta\u00a0kappaleen\u00a0Imagine, Pia\u00a0Ahrenkilde-Hansen kertoi\u00a0Euroopan komission tervehdyksen ja viimeisen\u00e4 n\u00e4htiin tulitaiteilija Duo\u00a0Tulixxian\u00a0esitys.\u00a0<\/p>\n\n\n\n<figure class=\"wp-block-image size-large\"><img loading=\"lazy\" decoding=\"async\" width=\"1024\" height=\"683\" src=\"https:\/\/iinaholopainen.mediasaari.fi\/wp-content\/uploads\/2026\/01\/Toripolla-1024x683.jpg\" alt=\"\" class=\"wp-image-199\" srcset=\"https:\/\/iinaholopainen.mediasaari.fi\/wp-content\/uploads\/2026\/01\/Toripolla-1024x683.jpg 1024w, https:\/\/iinaholopainen.mediasaari.fi\/wp-content\/uploads\/2026\/01\/Toripolla-300x200.jpg 300w, https:\/\/iinaholopainen.mediasaari.fi\/wp-content\/uploads\/2026\/01\/Toripolla-768x512.jpg 768w, https:\/\/iinaholopainen.mediasaari.fi\/wp-content\/uploads\/2026\/01\/Toripolla-1536x1025.jpg 1536w, https:\/\/iinaholopainen.mediasaari.fi\/wp-content\/uploads\/2026\/01\/Toripolla.jpg 1920w\" sizes=\"auto, (max-width: 1024px) 100vw, 1024px\" \/><\/figure>\n\n\n\n<p><em>9000 hengen joukko katsoi avajaisia yleis\u00f6ss\u00e4.\u00a0<\/em><\/p>\n\n\n\n<p>Kauppakeskus Pekuri\u00a0oli pullollaan\u00a0tapahtumia ja ihmisi\u00e4. Yl\u00e4kerrassa n\u00e4htiin eri\u00a0kuntien pisteit\u00e4, joilla oli arvontoja, kalastusta, onnenpy\u00f6ri\u00e4, maskotteja\u00a0ja muuta puuhaa.\u00a0Paikalla n\u00e4htiin my\u00f6s taiden\u00e4yttelyit\u00e4.\u00a0<\/p>\n\n\n\n<figure class=\"wp-block-image size-large\"><img loading=\"lazy\" decoding=\"async\" width=\"1024\" height=\"683\" src=\"https:\/\/iinaholopainen.mediasaari.fi\/wp-content\/uploads\/2026\/01\/pekuri-1024x683.jpg\" alt=\"\" class=\"wp-image-197\" srcset=\"https:\/\/iinaholopainen.mediasaari.fi\/wp-content\/uploads\/2026\/01\/pekuri-1024x683.jpg 1024w, https:\/\/iinaholopainen.mediasaari.fi\/wp-content\/uploads\/2026\/01\/pekuri-300x200.jpg 300w, https:\/\/iinaholopainen.mediasaari.fi\/wp-content\/uploads\/2026\/01\/pekuri-768x512.jpg 768w, https:\/\/iinaholopainen.mediasaari.fi\/wp-content\/uploads\/2026\/01\/pekuri-1536x1025.jpg 1536w, https:\/\/iinaholopainen.mediasaari.fi\/wp-content\/uploads\/2026\/01\/pekuri.jpg 1920w\" sizes=\"auto, (max-width: 1024px) 100vw, 1024px\" \/><\/figure>\n\n\n\n<figure class=\"wp-block-image size-large\"><img loading=\"lazy\" decoding=\"async\" width=\"1024\" height=\"683\" src=\"https:\/\/iinaholopainen.mediasaari.fi\/wp-content\/uploads\/2026\/01\/kasila-ja-turri-1024x683.jpg\" alt=\"\" class=\"wp-image-198\" srcset=\"https:\/\/iinaholopainen.mediasaari.fi\/wp-content\/uploads\/2026\/01\/kasila-ja-turri-1024x683.jpg 1024w, https:\/\/iinaholopainen.mediasaari.fi\/wp-content\/uploads\/2026\/01\/kasila-ja-turri-300x200.jpg 300w, https:\/\/iinaholopainen.mediasaari.fi\/wp-content\/uploads\/2026\/01\/kasila-ja-turri-768x512.jpg 768w, https:\/\/iinaholopainen.mediasaari.fi\/wp-content\/uploads\/2026\/01\/kasila-ja-turri-1536x1025.jpg 1536w, https:\/\/iinaholopainen.mediasaari.fi\/wp-content\/uploads\/2026\/01\/kasila-ja-turri.jpg 1920w\" sizes=\"auto, (max-width: 1024px) 100vw, 1024px\" \/><\/figure>\n\n\n\n<p>My\u00f6s kauppakeskus Valkeassa n\u00e4htiin\u00a0rutkasti esityksi\u00e4, kuten akrobatiaa, tanssia\u00a0ja musiikkia.\u00a0Koulutusryhm\u00e4\u00a0OSAOn\u00a0hius- ja kauneus alan opiskelijat\u00a0tekiv\u00e4t glittermeikkej\u00e4 toisessa kerroksessa sek\u00e4 turvallisuusalan opiskelijat valvoivat amisparkilla ja\u00a0Valkeassa.\u00a0<\/p>\n\n\n\n<figure class=\"wp-block-image size-large\"><img loading=\"lazy\" decoding=\"async\" width=\"1024\" height=\"683\" src=\"https:\/\/iinaholopainen.mediasaari.fi\/wp-content\/uploads\/2026\/01\/stepa-ja-karva-oikee-1-1024x683.jpg\" alt=\"\" class=\"wp-image-196\" srcset=\"https:\/\/iinaholopainen.mediasaari.fi\/wp-content\/uploads\/2026\/01\/stepa-ja-karva-oikee-1-1024x683.jpg 1024w, https:\/\/iinaholopainen.mediasaari.fi\/wp-content\/uploads\/2026\/01\/stepa-ja-karva-oikee-1-300x200.jpg 300w, https:\/\/iinaholopainen.mediasaari.fi\/wp-content\/uploads\/2026\/01\/stepa-ja-karva-oikee-1-768x512.jpg 768w, https:\/\/iinaholopainen.mediasaari.fi\/wp-content\/uploads\/2026\/01\/stepa-ja-karva-oikee-1-1536x1025.jpg 1536w, https:\/\/iinaholopainen.mediasaari.fi\/wp-content\/uploads\/2026\/01\/stepa-ja-karva-oikee-1.jpg 1920w\" sizes=\"auto, (max-width: 1024px) 100vw, 1024px\" \/><\/figure>\n\n\n\n<p class=\"has-text-align-left\"><em>\u00a0Rap artisti\u00a0Stepa\u00a0ja DJ Karva\u00a0sai koko\u00a0Valkean\u00a0tanssimaan\u00a0perjantai iltana.\u00a0<\/em><\/p>\n\n\n\n<p><\/p>\n","protected":false},"excerpt":{"rendered":"<p>&#8221;Vain Oulussa saa n\u00e4in paljon\u00a0jengi\u00e4 torille t\u00e4ss\u00e4 s\u00e4\u00e4ss\u00e4.\u201d Presidentti Stubb naurahtaa\u00a0avajais-\u00a0puheessaan\u00a0astuttuaan lavalle.\u00a0Oulun keskusta muuttui viikonlopuksi isoksi festivaalialueeksi.\u00a0Tapahtumia oli noin 200 ja\u00a0avajaisissa\u00a0k\u00e4vi\u00a0noin 40 000\u00a0vierailijaa.\u00a0\u00a0 M\u00e4r\u00e4st\u00e4 lumipyryst\u00e4 huolimatta Oulun tori t\u00e4yttyi\u00a0kaiken ik\u00e4isist\u00e4\u00a0ihmisist\u00e4\u00a0nelj\u00e4lt\u00e4\u00a0perjantaina 16.1.\u00a0V\u00e4ke\u00e4 oli sankoin joukoin katsomassa avajaisia.\u00a0Mieskuoro Huutajat polkaisi avajaiset k\u00e4yntiin huutoesityksell\u00e4, jonka j\u00e4lkeen Presidentti Stubb\u00a0astui lavalle pit\u00e4m\u00e4\u00e4n puheen.\u00a0Presidentti\u00a0huomautti tilanteen olevan\u00a0ainutlaatuinen\u00a0ja t\u00e4rke\u00e4.\u00a0\u00a0 \u201cKulttuurimme moninaisuus on rikkaus. [&hellip;]<\/p>\n","protected":false},"author":1,"featured_media":0,"comment_status":"open","ping_status":"open","sticky":false,"template":"","format":"standard","meta":{"footnotes":""},"categories":[1],"tags":[],"class_list":["post-194","post","type-post","status-publish","format-standard","hentry","category-uncategorized"],"_links":{"self":[{"href":"https:\/\/iinaholopainen.mediasaari.fi\/index.php\/wp-json\/wp\/v2\/posts\/194","targetHints":{"allow":["GET"]}}],"collection":[{"href":"https:\/\/iinaholopainen.mediasaari.fi\/index.php\/wp-json\/wp\/v2\/posts"}],"about":[{"href":"https:\/\/iinaholopainen.mediasaari.fi\/index.php\/wp-json\/wp\/v2\/types\/post"}],"author":[{"embeddable":true,"href":"https:\/\/iinaholopainen.mediasaari.fi\/index.php\/wp-json\/wp\/v2\/users\/1"}],"replies":[{"embeddable":true,"href":"https:\/\/iinaholopainen.mediasaari.fi\/index.php\/wp-json\/wp\/v2\/comments?post=194"}],"version-history":[{"count":3,"href":"https:\/\/iinaholopainen.mediasaari.fi\/index.php\/wp-json\/wp\/v2\/posts\/194\/revisions"}],"predecessor-version":[{"id":204,"href":"https:\/\/iinaholopainen.mediasaari.fi\/index.php\/wp-json\/wp\/v2\/posts\/194\/revisions\/204"}],"wp:attachment":[{"href":"https:\/\/iinaholopainen.mediasaari.fi\/index.php\/wp-json\/wp\/v2\/media?parent=194"}],"wp:term":[{"taxonomy":"category","embeddable":true,"href":"https:\/\/iinaholopainen.mediasaari.fi\/index.php\/wp-json\/wp\/v2\/categories?post=194"},{"taxonomy":"post_tag","embeddable":true,"href":"https:\/\/iinaholopainen.mediasaari.fi\/index.php\/wp-json\/wp\/v2\/tags?post=194"}],"curies":[{"name":"wp","href":"https:\/\/api.w.org\/{rel}","templated":true}]}}